{"id":2178,"date":"2020-11-12T14:57:15","date_gmt":"2020-11-12T14:57:15","guid":{"rendered":"https:\/\/www.acpdbrasil.com\/?p=2178"},"modified":"2024-03-23T10:45:22","modified_gmt":"2024-03-23T13:45:22","slug":"por-que-a-nbr-iso-iec-277012019-e-tao-importante-para-voce","status":"publish","type":"post","link":"https:\/\/www.acpdbrasil.com\/en\/por-que-a-nbr-iso-iec-277012019-e-tao-importante-para-voce\/","title":{"rendered":"Por que a NBR ISO\/IEC 27701:2019 \u00e9 t\u00e3o importante para voc\u00ea?"},"content":{"rendered":"<p>Por que esta a NBR ISO\/IEC 27701 \u00e9 t\u00e3o importante para a sua organiza\u00e7\u00e3o? O crescimento exponencial de coleta de dados pessoais e dados pessoais sens\u00edveis e o aumento do tratamento destes dados acarretou uma preocupa\u00e7\u00e3o permanente com a privacidade. In\u00fameras leis, regulamentos e outros instrumentos normativos t\u00eam sido sancionadas ao redor do mundo. No Brasil, entrou em vigor em 18 de setembro deste ano, a Lei Geral de Prote\u00e7\u00e3o de Dados, tamb\u00e9m conhecida como LGPD. O seu descumprimento pode acarretar san\u00e7\u00f5es que poder\u00e3o ser aplicadas pela Autoridade Nacional de Prote\u00e7\u00e3o de Dados (ANPD), a partir de 1\u00ba de agosto de 2021. Contudo, com ela em vigor, os titulares de dados pessoais que forem lesados ou se sentirem poder\u00e3o procurar a Justi\u00e7a Comum, com base nos seus direitos previstos na LGPD.<\/p>\n\n\n\n<p>Apenas a adequa\u00e7\u00e3o jur\u00eddica, e\/ou a utiliza\u00e7\u00e3o de alguns softwares baseados exclusivamente no texto desta Lei, pode gerar uma falsa sensa\u00e7\u00e3o de seguran\u00e7a e uma sensa\u00e7\u00e3o de estar em <em>compliance<\/em>. Contudo, sua organiza\u00e7\u00e3o permanecer\u00e1 com in\u00fameros <em>gaps<\/em> que podem acarretar incidentes de seguran\u00e7a. Ressaltamos que a Lei diz o que quer, mas n\u00e3o o como fazer. Este, \u00e9 um papel coberto pelas normas t\u00e9cnicas. Conv\u00e9m que as adequa\u00e7\u00f5es \u00e0 Privacidade e Prote\u00e7\u00e3o de Dados sejam multidisciplinares, ou seja, trata-se de um tema transversal em uma organiza\u00e7\u00e3o, envolvendo pelo menos o Jur\u00eddico, TI e <em>compliance<\/em>.<\/p>\n\n\n\n<figure class=\"wp-block-image size-large\"><img loading=\"lazy\" decoding=\"async\" width=\"499\" height=\"499\" src=\"https:\/\/www.acpdbrasil.com\/wp-content\/uploads\/2020\/11\/Trilogia-de-Adequac\u0327a\u0303o-01.png\" alt=\"\" class=\"wp-image-2180\" srcset=\"https:\/\/www.acpdbrasil.com\/wp-content\/uploads\/2020\/11\/Trilogia-de-Adequac\u0327a\u0303o-01.png 499w, https:\/\/www.acpdbrasil.com\/wp-content\/uploads\/2020\/11\/Trilogia-de-Adequac\u0327a\u0303o-01-300x300.png 300w, https:\/\/www.acpdbrasil.com\/wp-content\/uploads\/2020\/11\/Trilogia-de-Adequac\u0327a\u0303o-01-100x100.png 100w, https:\/\/www.acpdbrasil.com\/wp-content\/uploads\/2020\/11\/Trilogia-de-Adequac\u0327a\u0303o-01-150x150.png 150w\" sizes=\"auto, (max-width: 499px) 100vw, 499px\" \/><\/figure>\n\n\n\n<p>A capacita\u00e7\u00e3o de seus colaboradores nesta norma permitir\u00e1 que sua organiza\u00e7\u00e3o alinhe ou integre um Sistema de Gest\u00e3o da Privacidade da Informa\u00e7\u00e3o (SGPI) aos requisitos de outras Normas de Sistemas de Gest\u00e3o.<\/p>\n\n\n\n<p>Esta norma \u00e9 aplic\u00e1vel a todos os tipos e tamanhos de organiza\u00e7\u00f5es, incluindo as companhias p\u00fablicas e privadas, entidades governamentais e organiza\u00e7\u00f5es sem fins lucrativos, que s\u00e3o controladoras de Dados Pessoais e\/ou que s\u00e3o operadoras de Dados Pessoais.<\/p>\n\n\n\n<p>Benef\u00edcios:<\/p>\n\n\n\n<ul class=\"wp-block-list\">\n<li>Compreender o processo de implementa\u00e7\u00e3o do SGPI;<\/li>\n\n\n\n<li>Adquirir as habilidades necess\u00e1rias para apoiar uma organiza\u00e7\u00e3o na implementa\u00e7\u00e3o de um SGPI, em conformidade com a NBR 27701:2019;<\/li>\n\n\n\n<li>Apoiar o processo de melhoria cont\u00ednua do SGPI nas organiza\u00e7\u00f5es;<\/li>\n\n\n\n<li>Proteger a reputa\u00e7\u00e3o da sua organiza\u00e7\u00e3o;<\/li>\n\n\n\n<li>Conquistar a confian\u00e7a do seu cliente;<\/li>\n\n\n\n<li>Aumentar a satisfa\u00e7\u00e3o do seu cliente;<\/li>\n\n\n\n<li>Aumentar a transpar\u00eancia dos processos e procedimentos da organiza\u00e7\u00e3o;<\/li>\n\n\n\n<li>Manter a integridade das informa\u00e7\u00f5es dos clientes e outras partes interessadas.<\/li>\n<\/ul>\n\n\n\n<p>Principais vantagens da Capacita\u00e7\u00e3o da ACPD ass\u00edncrona:<\/p>\n\n\n\n<ul class=\"wp-block-list\">\n<li>Todos os alunos ter\u00e3o acesso \u00e0s atualiza\u00e7\u00f5es feitas no curso\/ material do curso durante o per\u00edodo de acesso, sem custo adicional;<\/li>\n\n\n\n<li>Todas as turmas ter\u00e3o acesso ao material completo, em pdf;<\/li>\n\n\n\n<li>Esta capacita\u00e7\u00e3o constitui uma imers\u00e3o intensiva no tema privacidade e prote\u00e7\u00e3o de dados, com base nas melhores pr\u00e1ticas mundiais;<\/li>\n\n\n\n<li>Esta capacita\u00e7\u00e3o \u00e9 integralmente gravada, o que permitir\u00e1 a voc\u00ea e\/ou sua equipe assisti-la conforme as suas possibilidades;<\/li>\n\n\n\n<li>Esta capacita\u00e7\u00e3o constitui a interpreta\u00e7\u00e3o de quatro normas t\u00e9cnicas, com destaque para a <a href=\"https:\/\/www.acpdbrasil.com\/en\/capacitacao27701\/\">NBR ISO\/IEC 27701<\/a> e NBR ISO\/IEC 29100;<\/li>\n\n\n\n<li>O investimento deste curso poder\u00e1 ser parcelado em at\u00e9 10 vezes, sem juros;<\/li>\n\n\n\n<li>O material deste curso foi pensado e criado com o objetivo principal de facilitar o seu entendimento deste tema t\u00e3o importante que demanda tanta urg\u00eancia quanto estar em compliance com a LGPD;<\/li>\n\n\n\n<li>Este curso j\u00e1 foi ministrado ao vivo para v\u00e1rias turmas e se tornou integralmente ass\u00edncrono para atender in\u00fameros pedidos que a ACPD Brasil veio recebendo ao longo dos \u00faltimos meses.<\/li>\n<\/ul>\n\n\n\n<p>Realize j\u00e1 a sua inscri\u00e7\u00e3o: <a href=\"https:\/\/go.hotmart.com\/E42947845B\">Hotmart<\/a>.<\/p>\n\n\n\n<p><\/p>","protected":false},"excerpt":{"rendered":"<p>O crescimento exponencial de coleta de dados pessoais e dados pessoais sens\u00edveis e o aumento do tratamento destes dados acarretou uma preocupa\u00e7\u00e3o permanente com a privacidade. In\u00fameras leis, regulamentos e outros instrumentos normativos t\u00eam sido sancionadas ao redor do mundo. No Brasil, entrou em vigor em 18 de setembro deste ano, a Lei Geral de Prote\u00e7\u00e3o de Dados, tamb\u00e9m conhecida como LGPD. O seu descumprimento pode acarretar san\u00e7\u00f5es que poder\u00e3o ser aplicadas pela Autoridade Nacional de Prote\u00e7\u00e3o de Dados (ANPD), a partir de 1\u00ba de agosto de 2021. Contudo, com ela em vigor, os titulares de dados pessoais que forem lesados ou se sentirem poder\u00e3o procurar a Justi\u00e7a Comum, com base nos seus direitos previstos na LGPD.<\/p>","protected":false},"author":1,"featured_media":2179,"comment_status":"open","ping_status":"open","sticky":false,"template":"","format":"standard","meta":{"footnotes":""},"categories":[53,150,201,3,93,41],"tags":[111,112,113,110,21,120,121,153,17,5,6],"class_list":["post-2178","post","type-post","status-publish","format-standard","has-post-thumbnail","hentry","category-boas-praticas","category-campanhas","category-capacitacao","category-privacidade","category-protecao-de-dados","category-urgente","tag-abnt-nbr-iso-iec-270012013","tag-abnt-nbr-iso-iec-270022013","tag-abnt-nbr-iso-iec-270052011","tag-abnt-nbr-iso-iec-277012019","tag-anpd","tag-capacitacao","tag-curso","tag-dpo","tag-lgpd","tag-privacidade","tag-protecao-de-dados"],"yoast_head":"<!-- This site is optimized with the Yoast SEO plugin v27.5 - https:\/\/yoast.com\/product\/yoast-seo-wordpress\/ -->\n<title>Por que a NBR ISO\/IEC 27701:2019 \u00e9 t\u00e3o importante para voc\u00ea?<\/title>\n<meta name=\"description\" content=\"No Brasil, entrou em vigor em 18 de setembro deste ano, a LGPD. O seu descumprimento pode acarretar san\u00e7\u00f5es.\" \/>\n<meta name=\"robots\" content=\"index, follow, max-snippet:-1, max-image-preview:large, max-video-preview:-1\" \/>\n<link rel=\"canonical\" href=\"https:\/\/www.acpdbrasil.com\/en\/por-que-a-nbr-iso-iec-277012019-e-tao-importante-para-voce\/\" \/>\n<meta property=\"og:locale\" content=\"en_US\" \/>\n<meta property=\"og:type\" content=\"article\" \/>\n<meta property=\"og:title\" content=\"Por que a NBR ISO\/IEC 27701:2019 \u00e9 t\u00e3o importante para voc\u00ea?\" \/>\n<meta property=\"og:description\" content=\"O crescimento exponencial de coleta de dados pessoais e dados pessoais sens\u00edveis e o aumento do tratamento destes dados acarretou uma preocupa\u00e7\u00e3o permanente com a privacidade. In\u00fameras leis, regulamentos e outros instrumentos normativos t\u00eam sido sancionadas ao redor do mundo. No Brasil, entrou em vigor em 18 de setembro deste ano, a Lei Geral de Prote\u00e7\u00e3o de Dados, tamb\u00e9m conhecida como LGPD. O seu descumprimento pode acarretar san\u00e7\u00f5es que poder\u00e3o ser aplicadas pela Autoridade Nacional de Prote\u00e7\u00e3o de Dados (ANPD), a partir de 1\u00ba de agosto de 2021. Contudo, com ela em vigor, os titulares de dados pessoais que forem lesados ou se sentirem poder\u00e3o procurar a Justi\u00e7a Comum, com base nos seus direitos previstos na LGPD.\" \/>\n<meta property=\"og:url\" content=\"https:\/\/www.acpdbrasil.com\/en\/por-que-a-nbr-iso-iec-277012019-e-tao-importante-para-voce\/\" \/>\n<meta property=\"og:site_name\" content=\"ACPD Brasil\" \/>\n<meta property=\"article:publisher\" content=\"https:\/\/www.facebook.com\/acpdbrasil\" \/>\n<meta property=\"article:published_time\" content=\"2020-11-12T14:57:15+00:00\" \/>\n<meta property=\"article:modified_time\" content=\"2024-03-23T13:45:22+00:00\" \/>\n<meta property=\"og:image\" content=\"https:\/\/www.acpdbrasil.com\/wp-content\/uploads\/2020\/11\/20201112-ACPD.jpg\" \/>\n\t<meta property=\"og:image:width\" content=\"2000\" \/>\n\t<meta property=\"og:image:height\" content=\"2000\" \/>\n\t<meta property=\"og:image:type\" content=\"image\/jpeg\" \/>\n<meta name=\"author\" content=\"L\u00e9o Farias\" \/>\n<meta name=\"twitter:card\" content=\"summary_large_image\" \/>\n<meta name=\"twitter:title\" content=\"Por que a NBR ISO\/IEC 27701:2019 \u00e9 t\u00e3o importante para voc\u00ea?\" \/>\n<meta name=\"twitter:description\" content=\"O crescimento exponencial de coleta de dados pessoais e dados pessoais sens\u00edveis e o aumento do tratamento destes dados acarretou uma preocupa\u00e7\u00e3o permanente com a privacidade. In\u00fameras leis, regulamentos e outros instrumentos normativos t\u00eam sido sancionadas ao redor do mundo. No Brasil, entrou em vigor em 18 de setembro deste ano, a Lei Geral de Prote\u00e7\u00e3o de Dados, tamb\u00e9m conhecida como LGPD. O seu descumprimento pode acarretar san\u00e7\u00f5es que poder\u00e3o ser aplicadas pela Autoridade Nacional de Prote\u00e7\u00e3o de Dados (ANPD), a partir de 1\u00ba de agosto de 2021. Contudo, com ela em vigor, os titulares de dados pessoais que forem lesados ou se sentirem poder\u00e3o procurar a Justi\u00e7a Comum, com base nos seus direitos previstos na LGPD.\" \/>\n<meta name=\"twitter:image\" content=\"https:\/\/www.acpdbrasil.com\/wp-content\/uploads\/2020\/11\/20201112-ACPD.jpg\" \/>\n<meta name=\"twitter:creator\" content=\"@acpdbrasil\" \/>\n<meta name=\"twitter:site\" content=\"@acpdbrasil\" \/>\n<meta name=\"twitter:label1\" content=\"Written by\" \/>\n\t<meta name=\"twitter:data1\" content=\"L\u00e9o Farias\" \/>\n\t<meta name=\"twitter:label2\" content=\"Est. reading time\" \/>\n\t<meta name=\"twitter:data2\" content=\"4 minutes\" \/>\n<script type=\"application\/ld+json\" class=\"yoast-schema-graph\">{\"@context\":\"https:\\\/\\\/schema.org\",\"@graph\":[{\"@type\":\"Article\",\"@id\":\"https:\\\/\\\/www.acpdbrasil.com\\\/por-que-a-nbr-iso-iec-277012019-e-tao-importante-para-voce\\\/#article\",\"isPartOf\":{\"@id\":\"https:\\\/\\\/www.acpdbrasil.com\\\/por-que-a-nbr-iso-iec-277012019-e-tao-importante-para-voce\\\/\"},\"author\":{\"name\":\"L\u00e9o Farias\",\"@id\":\"https:\\\/\\\/www.acpdbrasil.com\\\/#\\\/schema\\\/person\\\/aa7da6771fa65d2ab810a31c548b9d0c\"},\"headline\":\"Por que a NBR ISO\\\/IEC 27701:2019 \u00e9 t\u00e3o importante para voc\u00ea?\",\"datePublished\":\"2020-11-12T14:57:15+00:00\",\"dateModified\":\"2024-03-23T13:45:22+00:00\",\"mainEntityOfPage\":{\"@id\":\"https:\\\/\\\/www.acpdbrasil.com\\\/por-que-a-nbr-iso-iec-277012019-e-tao-importante-para-voce\\\/\"},\"wordCount\":624,\"commentCount\":0,\"publisher\":{\"@id\":\"https:\\\/\\\/www.acpdbrasil.com\\\/#organization\"},\"image\":{\"@id\":\"https:\\\/\\\/www.acpdbrasil.com\\\/por-que-a-nbr-iso-iec-277012019-e-tao-importante-para-voce\\\/#primaryimage\"},\"thumbnailUrl\":\"https:\\\/\\\/www.acpdbrasil.com\\\/wp-content\\\/uploads\\\/2020\\\/11\\\/20201112-ACPD.jpg\",\"keywords\":[\"ABNT NBR ISO\\\/IEC 27001:2013\",\"ABNT NBR ISO\\\/IEC 27002:2013\",\"ABNT NBR ISO\\\/IEC 27005:2011\",\"ABNT NBR ISO\\\/IEC 27701:2019\",\"ANPD\",\"Capacita\u00e7\u00e3o\",\"Curso\",\"DPO\",\"LGPD\",\"Privacidade\",\"Prote\u00e7\u00e3o de Dados\"],\"articleSection\":[\"Boas Pr\u00e1ticas\",\"Campanhas\",\"Capacita\u00e7\u00e3o\",\"Privacidade\",\"Prote\u00e7\u00e3o de dados\",\"Urgente\"],\"inLanguage\":\"en-US\",\"potentialAction\":[{\"@type\":\"CommentAction\",\"name\":\"Comment\",\"target\":[\"https:\\\/\\\/www.acpdbrasil.com\\\/por-que-a-nbr-iso-iec-277012019-e-tao-importante-para-voce\\\/#respond\"]}]},{\"@type\":\"WebPage\",\"@id\":\"https:\\\/\\\/www.acpdbrasil.com\\\/por-que-a-nbr-iso-iec-277012019-e-tao-importante-para-voce\\\/\",\"url\":\"https:\\\/\\\/www.acpdbrasil.com\\\/por-que-a-nbr-iso-iec-277012019-e-tao-importante-para-voce\\\/\",\"name\":\"Por que a NBR ISO\\\/IEC 27701:2019 \u00e9 t\u00e3o importante para voc\u00ea?\",\"isPartOf\":{\"@id\":\"https:\\\/\\\/www.acpdbrasil.com\\\/#website\"},\"primaryImageOfPage\":{\"@id\":\"https:\\\/\\\/www.acpdbrasil.com\\\/por-que-a-nbr-iso-iec-277012019-e-tao-importante-para-voce\\\/#primaryimage\"},\"image\":{\"@id\":\"https:\\\/\\\/www.acpdbrasil.com\\\/por-que-a-nbr-iso-iec-277012019-e-tao-importante-para-voce\\\/#primaryimage\"},\"thumbnailUrl\":\"https:\\\/\\\/www.acpdbrasil.com\\\/wp-content\\\/uploads\\\/2020\\\/11\\\/20201112-ACPD.jpg\",\"datePublished\":\"2020-11-12T14:57:15+00:00\",\"dateModified\":\"2024-03-23T13:45:22+00:00\",\"description\":\"No Brasil, entrou em vigor em 18 de setembro deste ano, a LGPD. O seu descumprimento pode acarretar san\u00e7\u00f5es.\",\"breadcrumb\":{\"@id\":\"https:\\\/\\\/www.acpdbrasil.com\\\/por-que-a-nbr-iso-iec-277012019-e-tao-importante-para-voce\\\/#breadcrumb\"},\"inLanguage\":\"en-US\",\"potentialAction\":[{\"@type\":\"ReadAction\",\"target\":[\"https:\\\/\\\/www.acpdbrasil.com\\\/por-que-a-nbr-iso-iec-277012019-e-tao-importante-para-voce\\\/\"]}]},{\"@type\":\"ImageObject\",\"inLanguage\":\"en-US\",\"@id\":\"https:\\\/\\\/www.acpdbrasil.com\\\/por-que-a-nbr-iso-iec-277012019-e-tao-importante-para-voce\\\/#primaryimage\",\"url\":\"https:\\\/\\\/www.acpdbrasil.com\\\/wp-content\\\/uploads\\\/2020\\\/11\\\/20201112-ACPD.jpg\",\"contentUrl\":\"https:\\\/\\\/www.acpdbrasil.com\\\/wp-content\\\/uploads\\\/2020\\\/11\\\/20201112-ACPD.jpg\",\"width\":2000,\"height\":2000,\"caption\":\"Capacita\u00e7\u00e3o Hotmart\"},{\"@type\":\"BreadcrumbList\",\"@id\":\"https:\\\/\\\/www.acpdbrasil.com\\\/por-que-a-nbr-iso-iec-277012019-e-tao-importante-para-voce\\\/#breadcrumb\",\"itemListElement\":[{\"@type\":\"ListItem\",\"position\":1,\"name\":\"In\u00edcio\",\"item\":\"https:\\\/\\\/www.acpdbrasil.com\\\/\"},{\"@type\":\"ListItem\",\"position\":2,\"name\":\"Por que a NBR ISO\\\/IEC 27701:2019 \u00e9 t\u00e3o importante para voc\u00ea?\"}]},{\"@type\":\"WebSite\",\"@id\":\"https:\\\/\\\/www.acpdbrasil.com\\\/#website\",\"url\":\"https:\\\/\\\/www.acpdbrasil.com\\\/\",\"name\":\"ACPD Brasil\",\"description\":\"Conformidade, Prote\u00e7\u00e3o e Privacidade de Dados\",\"publisher\":{\"@id\":\"https:\\\/\\\/www.acpdbrasil.com\\\/#organization\"},\"potentialAction\":[{\"@type\":\"SearchAction\",\"target\":{\"@type\":\"EntryPoint\",\"urlTemplate\":\"https:\\\/\\\/www.acpdbrasil.com\\\/?s={search_term_string}\"},\"query-input\":{\"@type\":\"PropertyValueSpecification\",\"valueRequired\":true,\"valueName\":\"search_term_string\"}}],\"inLanguage\":\"en-US\"},{\"@type\":\"Organization\",\"@id\":\"https:\\\/\\\/www.acpdbrasil.com\\\/#organization\",\"name\":\"Ag\u00eancia de Conformidade e Prote\u00e7\u00e3o de Dados\",\"url\":\"https:\\\/\\\/www.acpdbrasil.com\\\/\",\"logo\":{\"@type\":\"ImageObject\",\"inLanguage\":\"en-US\",\"@id\":\"https:\\\/\\\/www.acpdbrasil.com\\\/#\\\/schema\\\/logo\\\/image\\\/\",\"url\":\"https:\\\/\\\/www.acpdbrasil.com\\\/wp-content\\\/uploads\\\/2021\\\/04\\\/ACPD-OG-image_OG-image.png\",\"contentUrl\":\"https:\\\/\\\/www.acpdbrasil.com\\\/wp-content\\\/uploads\\\/2021\\\/04\\\/ACPD-OG-image_OG-image.png\",\"width\":1201,\"height\":631,\"caption\":\"Ag\u00eancia de Conformidade e Prote\u00e7\u00e3o de Dados\"},\"image\":{\"@id\":\"https:\\\/\\\/www.acpdbrasil.com\\\/#\\\/schema\\\/logo\\\/image\\\/\"},\"sameAs\":[\"https:\\\/\\\/www.facebook.com\\\/acpdbrasil\",\"https:\\\/\\\/x.com\\\/acpdbrasil\",\"https:\\\/\\\/www.instagram.com\\\/acpdbrasil\",\"http:\\\/\\\/linkedin.com\\\/company\\\/acpdbrasil\",\"https:\\\/\\\/www.youtube.com\\\/channel\\\/UCdEnJZeex9u6Mr1_IDyOVcw\\\/featured?view_as=subscriber\"]},{\"@type\":\"Person\",\"@id\":\"https:\\\/\\\/www.acpdbrasil.com\\\/#\\\/schema\\\/person\\\/aa7da6771fa65d2ab810a31c548b9d0c\",\"name\":\"L\u00e9o Farias\",\"image\":{\"@type\":\"ImageObject\",\"inLanguage\":\"en-US\",\"@id\":\"https:\\\/\\\/secure.gravatar.com\\\/avatar\\\/e6a16eaf44695f6b9cec000248ca7d138bf8af64bbab4eb738c415e658611ee0?s=96&d=mm&r=g\",\"url\":\"https:\\\/\\\/secure.gravatar.com\\\/avatar\\\/e6a16eaf44695f6b9cec000248ca7d138bf8af64bbab4eb738c415e658611ee0?s=96&d=mm&r=g\",\"contentUrl\":\"https:\\\/\\\/secure.gravatar.com\\\/avatar\\\/e6a16eaf44695f6b9cec000248ca7d138bf8af64bbab4eb738c415e658611ee0?s=96&d=mm&r=g\",\"caption\":\"L\u00e9o Farias\"},\"description\":\"L\u00e9o Farias, engenheiro formado pela UFRJ e mestre em Intelig\u00eancia Artificial aplicada a Sistemas de Gest\u00e3o de Riscos na LGPD, pela UERJ. \u00c9 CEO da Ag\u00eancia de Compliance e Prote\u00e7\u00e3o de Dados (ACPD Brasil) e Coordenador de Comunica\u00e7\u00e3o na govDADOS. Especialista em seguran\u00e7a da informa\u00e7\u00e3o e privacidade, lidera projetos multidisciplinares de conformidade com a LGPD em setores como Educa\u00e7\u00e3o, Energia, Varejo e Sa\u00fade, tanto no \u00e2mbito privado quanto no p\u00fablico.\",\"sameAs\":[\"https:\\\/\\\/www.acpdbrasil.com\"]}]}<\/script>\n<!-- \/ Yoast SEO plugin. -->","yoast_head_json":{"title":"Por que a NBR ISO\/IEC 27701:2019 \u00e9 t\u00e3o importante para voc\u00ea?","description":"No Brasil, entrou em vigor em 18 de setembro deste ano, a LGPD. O seu descumprimento pode acarretar san\u00e7\u00f5es.","robots":{"index":"index","follow":"follow","max-snippet":"max-snippet:-1","max-image-preview":"max-image-preview:large","max-video-preview":"max-video-preview:-1"},"canonical":"https:\/\/www.acpdbrasil.com\/en\/por-que-a-nbr-iso-iec-277012019-e-tao-importante-para-voce\/","og_locale":"en_US","og_type":"article","og_title":"Por que a NBR ISO\/IEC 27701:2019 \u00e9 t\u00e3o importante para voc\u00ea?","og_description":"O crescimento exponencial de coleta de dados pessoais e dados pessoais sens\u00edveis e o aumento do tratamento destes dados acarretou uma preocupa\u00e7\u00e3o permanente com a privacidade. In\u00fameras leis, regulamentos e outros instrumentos normativos t\u00eam sido sancionadas ao redor do mundo. No Brasil, entrou em vigor em 18 de setembro deste ano, a Lei Geral de Prote\u00e7\u00e3o de Dados, tamb\u00e9m conhecida como LGPD. O seu descumprimento pode acarretar san\u00e7\u00f5es que poder\u00e3o ser aplicadas pela Autoridade Nacional de Prote\u00e7\u00e3o de Dados (ANPD), a partir de 1\u00ba de agosto de 2021. Contudo, com ela em vigor, os titulares de dados pessoais que forem lesados ou se sentirem poder\u00e3o procurar a Justi\u00e7a Comum, com base nos seus direitos previstos na LGPD.","og_url":"https:\/\/www.acpdbrasil.com\/en\/por-que-a-nbr-iso-iec-277012019-e-tao-importante-para-voce\/","og_site_name":"ACPD Brasil","article_publisher":"https:\/\/www.facebook.com\/acpdbrasil","article_published_time":"2020-11-12T14:57:15+00:00","article_modified_time":"2024-03-23T13:45:22+00:00","og_image":[{"width":2000,"height":2000,"url":"https:\/\/www.acpdbrasil.com\/wp-content\/uploads\/2020\/11\/20201112-ACPD.jpg","type":"image\/jpeg"}],"author":"L\u00e9o Farias","twitter_card":"summary_large_image","twitter_title":"Por que a NBR ISO\/IEC 27701:2019 \u00e9 t\u00e3o importante para voc\u00ea?","twitter_description":"O crescimento exponencial de coleta de dados pessoais e dados pessoais sens\u00edveis e o aumento do tratamento destes dados acarretou uma preocupa\u00e7\u00e3o permanente com a privacidade. In\u00fameras leis, regulamentos e outros instrumentos normativos t\u00eam sido sancionadas ao redor do mundo. No Brasil, entrou em vigor em 18 de setembro deste ano, a Lei Geral de Prote\u00e7\u00e3o de Dados, tamb\u00e9m conhecida como LGPD. O seu descumprimento pode acarretar san\u00e7\u00f5es que poder\u00e3o ser aplicadas pela Autoridade Nacional de Prote\u00e7\u00e3o de Dados (ANPD), a partir de 1\u00ba de agosto de 2021. Contudo, com ela em vigor, os titulares de dados pessoais que forem lesados ou se sentirem poder\u00e3o procurar a Justi\u00e7a Comum, com base nos seus direitos previstos na LGPD.","twitter_image":"https:\/\/www.acpdbrasil.com\/wp-content\/uploads\/2020\/11\/20201112-ACPD.jpg","twitter_creator":"@acpdbrasil","twitter_site":"@acpdbrasil","twitter_misc":{"Written by":"L\u00e9o Farias","Est. reading time":"4 minutes"},"schema":{"@context":"https:\/\/schema.org","@graph":[{"@type":"Article","@id":"https:\/\/www.acpdbrasil.com\/por-que-a-nbr-iso-iec-277012019-e-tao-importante-para-voce\/#article","isPartOf":{"@id":"https:\/\/www.acpdbrasil.com\/por-que-a-nbr-iso-iec-277012019-e-tao-importante-para-voce\/"},"author":{"name":"L\u00e9o Farias","@id":"https:\/\/www.acpdbrasil.com\/#\/schema\/person\/aa7da6771fa65d2ab810a31c548b9d0c"},"headline":"Por que a NBR ISO\/IEC 27701:2019 \u00e9 t\u00e3o importante para voc\u00ea?","datePublished":"2020-11-12T14:57:15+00:00","dateModified":"2024-03-23T13:45:22+00:00","mainEntityOfPage":{"@id":"https:\/\/www.acpdbrasil.com\/por-que-a-nbr-iso-iec-277012019-e-tao-importante-para-voce\/"},"wordCount":624,"commentCount":0,"publisher":{"@id":"https:\/\/www.acpdbrasil.com\/#organization"},"image":{"@id":"https:\/\/www.acpdbrasil.com\/por-que-a-nbr-iso-iec-277012019-e-tao-importante-para-voce\/#primaryimage"},"thumbnailUrl":"https:\/\/www.acpdbrasil.com\/wp-content\/uploads\/2020\/11\/20201112-ACPD.jpg","keywords":["ABNT NBR ISO\/IEC 27001:2013","ABNT NBR ISO\/IEC 27002:2013","ABNT NBR ISO\/IEC 27005:2011","ABNT NBR ISO\/IEC 27701:2019","ANPD","Capacita\u00e7\u00e3o","Curso","DPO","LGPD","Privacidade","Prote\u00e7\u00e3o de Dados"],"articleSection":["Boas Pr\u00e1ticas","Campanhas","Capacita\u00e7\u00e3o","Privacidade","Prote\u00e7\u00e3o de dados","Urgente"],"inLanguage":"en-US","potentialAction":[{"@type":"CommentAction","name":"Comment","target":["https:\/\/www.acpdbrasil.com\/por-que-a-nbr-iso-iec-277012019-e-tao-importante-para-voce\/#respond"]}]},{"@type":"WebPage","@id":"https:\/\/www.acpdbrasil.com\/por-que-a-nbr-iso-iec-277012019-e-tao-importante-para-voce\/","url":"https:\/\/www.acpdbrasil.com\/por-que-a-nbr-iso-iec-277012019-e-tao-importante-para-voce\/","name":"Por que a NBR ISO\/IEC 27701:2019 \u00e9 t\u00e3o importante para voc\u00ea?","isPartOf":{"@id":"https:\/\/www.acpdbrasil.com\/#website"},"primaryImageOfPage":{"@id":"https:\/\/www.acpdbrasil.com\/por-que-a-nbr-iso-iec-277012019-e-tao-importante-para-voce\/#primaryimage"},"image":{"@id":"https:\/\/www.acpdbrasil.com\/por-que-a-nbr-iso-iec-277012019-e-tao-importante-para-voce\/#primaryimage"},"thumbnailUrl":"https:\/\/www.acpdbrasil.com\/wp-content\/uploads\/2020\/11\/20201112-ACPD.jpg","datePublished":"2020-11-12T14:57:15+00:00","dateModified":"2024-03-23T13:45:22+00:00","description":"No Brasil, entrou em vigor em 18 de setembro deste ano, a LGPD. O seu descumprimento pode acarretar san\u00e7\u00f5es.","breadcrumb":{"@id":"https:\/\/www.acpdbrasil.com\/por-que-a-nbr-iso-iec-277012019-e-tao-importante-para-voce\/#breadcrumb"},"inLanguage":"en-US","potentialAction":[{"@type":"ReadAction","target":["https:\/\/www.acpdbrasil.com\/por-que-a-nbr-iso-iec-277012019-e-tao-importante-para-voce\/"]}]},{"@type":"ImageObject","inLanguage":"en-US","@id":"https:\/\/www.acpdbrasil.com\/por-que-a-nbr-iso-iec-277012019-e-tao-importante-para-voce\/#primaryimage","url":"https:\/\/www.acpdbrasil.com\/wp-content\/uploads\/2020\/11\/20201112-ACPD.jpg","contentUrl":"https:\/\/www.acpdbrasil.com\/wp-content\/uploads\/2020\/11\/20201112-ACPD.jpg","width":2000,"height":2000,"caption":"Capacita\u00e7\u00e3o Hotmart"},{"@type":"BreadcrumbList","@id":"https:\/\/www.acpdbrasil.com\/por-que-a-nbr-iso-iec-277012019-e-tao-importante-para-voce\/#breadcrumb","itemListElement":[{"@type":"ListItem","position":1,"name":"In\u00edcio","item":"https:\/\/www.acpdbrasil.com\/"},{"@type":"ListItem","position":2,"name":"Por que a NBR ISO\/IEC 27701:2019 \u00e9 t\u00e3o importante para voc\u00ea?"}]},{"@type":"WebSite","@id":"https:\/\/www.acpdbrasil.com\/#website","url":"https:\/\/www.acpdbrasil.com\/","name":"ACPD Brasil","description":"Conformidade, Prote\u00e7\u00e3o e Privacidade de Dados","publisher":{"@id":"https:\/\/www.acpdbrasil.com\/#organization"},"potentialAction":[{"@type":"SearchAction","target":{"@type":"EntryPoint","urlTemplate":"https:\/\/www.acpdbrasil.com\/?s={search_term_string}"},"query-input":{"@type":"PropertyValueSpecification","valueRequired":true,"valueName":"search_term_string"}}],"inLanguage":"en-US"},{"@type":"Organization","@id":"https:\/\/www.acpdbrasil.com\/#organization","name":"Ag\u00eancia de Conformidade e Prote\u00e7\u00e3o de Dados","url":"https:\/\/www.acpdbrasil.com\/","logo":{"@type":"ImageObject","inLanguage":"en-US","@id":"https:\/\/www.acpdbrasil.com\/#\/schema\/logo\/image\/","url":"https:\/\/www.acpdbrasil.com\/wp-content\/uploads\/2021\/04\/ACPD-OG-image_OG-image.png","contentUrl":"https:\/\/www.acpdbrasil.com\/wp-content\/uploads\/2021\/04\/ACPD-OG-image_OG-image.png","width":1201,"height":631,"caption":"Ag\u00eancia de Conformidade e Prote\u00e7\u00e3o de Dados"},"image":{"@id":"https:\/\/www.acpdbrasil.com\/#\/schema\/logo\/image\/"},"sameAs":["https:\/\/www.facebook.com\/acpdbrasil","https:\/\/x.com\/acpdbrasil","https:\/\/www.instagram.com\/acpdbrasil","http:\/\/linkedin.com\/company\/acpdbrasil","https:\/\/www.youtube.com\/channel\/UCdEnJZeex9u6Mr1_IDyOVcw\/featured?view_as=subscriber"]},{"@type":"Person","@id":"https:\/\/www.acpdbrasil.com\/#\/schema\/person\/aa7da6771fa65d2ab810a31c548b9d0c","name":"L\u00e9o Farias","image":{"@type":"ImageObject","inLanguage":"en-US","@id":"https:\/\/secure.gravatar.com\/avatar\/e6a16eaf44695f6b9cec000248ca7d138bf8af64bbab4eb738c415e658611ee0?s=96&d=mm&r=g","url":"https:\/\/secure.gravatar.com\/avatar\/e6a16eaf44695f6b9cec000248ca7d138bf8af64bbab4eb738c415e658611ee0?s=96&d=mm&r=g","contentUrl":"https:\/\/secure.gravatar.com\/avatar\/e6a16eaf44695f6b9cec000248ca7d138bf8af64bbab4eb738c415e658611ee0?s=96&d=mm&r=g","caption":"L\u00e9o Farias"},"description":"L\u00e9o Farias, engenheiro formado pela UFRJ e mestre em Intelig\u00eancia Artificial aplicada a Sistemas de Gest\u00e3o de Riscos na LGPD, pela UERJ. \u00c9 CEO da Ag\u00eancia de Compliance e Prote\u00e7\u00e3o de Dados (ACPD Brasil) e Coordenador de Comunica\u00e7\u00e3o na govDADOS. Especialista em seguran\u00e7a da informa\u00e7\u00e3o e privacidade, lidera projetos multidisciplinares de conformidade com a LGPD em setores como Educa\u00e7\u00e3o, Energia, Varejo e Sa\u00fade, tanto no \u00e2mbito privado quanto no p\u00fablico.","sameAs":["https:\/\/www.acpdbrasil.com"]}]}},"_links":{"self":[{"href":"https:\/\/www.acpdbrasil.com\/en\/wp-json\/wp\/v2\/posts\/2178","targetHints":{"allow":["GET"]}}],"collection":[{"href":"https:\/\/www.acpdbrasil.com\/en\/wp-json\/wp\/v2\/posts"}],"about":[{"href":"https:\/\/www.acpdbrasil.com\/en\/wp-json\/wp\/v2\/types\/post"}],"author":[{"embeddable":true,"href":"https:\/\/www.acpdbrasil.com\/en\/wp-json\/wp\/v2\/users\/1"}],"replies":[{"embeddable":true,"href":"https:\/\/www.acpdbrasil.com\/en\/wp-json\/wp\/v2\/comments?post=2178"}],"version-history":[{"count":0,"href":"https:\/\/www.acpdbrasil.com\/en\/wp-json\/wp\/v2\/posts\/2178\/revisions"}],"wp:featuredmedia":[{"embeddable":true,"href":"https:\/\/www.acpdbrasil.com\/en\/wp-json\/wp\/v2\/media\/2179"}],"wp:attachment":[{"href":"https:\/\/www.acpdbrasil.com\/en\/wp-json\/wp\/v2\/media?parent=2178"}],"wp:term":[{"taxonomy":"category","embeddable":true,"href":"https:\/\/www.acpdbrasil.com\/en\/wp-json\/wp\/v2\/categories?post=2178"},{"taxonomy":"post_tag","embeddable":true,"href":"https:\/\/www.acpdbrasil.com\/en\/wp-json\/wp\/v2\/tags?post=2178"}],"curies":[{"name":"wp","href":"https:\/\/api.w.org\/{rel}","templated":true}]}}